{"id":2290,"date":"2022-07-07T20:24:05","date_gmt":"2022-07-07T20:24:05","guid":{"rendered":"http:\/\/camilaleporace.com.br\/?p=2290"},"modified":"2023-02-15T18:59:57","modified_gmt":"2023-02-15T18:59:57","slug":"mentesinterconectadas","status":"publish","type":"post","link":"https:\/\/camilaleporace.com.br\/index.php\/2022\/07\/07\/mentesinterconectadas\/","title":{"rendered":"Mentes\u000bINTERCONECTADAS"},"content":{"rendered":"\n<h4 class=\"wp-block-heading\">Seria poss\u00edvel compreender a mente humana analisando cada indiv\u00edduo em separado? Ou ser\u00e1 que a mente humana surge justamente da coletividade? <\/h4>\n\n\n\n<figure class=\"wp-block-image\"><img loading=\"lazy\" decoding=\"async\" width=\"1024\" height=\"720\" src=\"https:\/\/camilaleporace.com.br\/wp-content\/uploads\/2022\/07\/david-clode-75CxJTYeUYs-unsplash-1024x720.jpg\" alt=\"\" class=\"wp-image-2295\" srcset=\"https:\/\/camilaleporace.com.br\/wp-content\/uploads\/2022\/07\/david-clode-75CxJTYeUYs-unsplash-1024x720.jpg 1024w, https:\/\/camilaleporace.com.br\/wp-content\/uploads\/2022\/07\/david-clode-75CxJTYeUYs-unsplash-300x211.jpg 300w, https:\/\/camilaleporace.com.br\/wp-content\/uploads\/2022\/07\/david-clode-75CxJTYeUYs-unsplash-768x540.jpg 768w, https:\/\/camilaleporace.com.br\/wp-content\/uploads\/2022\/07\/david-clode-75CxJTYeUYs-unsplash-213x150.jpg 213w\" sizes=\"(max-width: 1024px) 100vw, 1024px\" \/><\/figure>\n\n\n\n<p>Ainda que cada sujeito tenha a sua contribui\u00e7\u00e3o a dar, um trabalho envolvendo muitas pessoas d\u00e1 origem a ideias que n\u00e3o existiriam se fosse desenvolvido somente por um indiv\u00edduo. J\u00e1 parou para pensar nisso? <\/p>\n\n\n\n<p>Os pesquisadores proponentes da abordagem enativa para a cogni\u00e7\u00e3o humana indicam que n\u00e3o \u00e9 poss\u00edvel investigar o funcionamento da mente humana sem focar nas interse\u00e7\u00f5es entre mentes.<\/p>\n\n\n\n<p>Tamb\u00e9m os pesquisadores da intelig\u00eancia artificial aplicada t\u00eam focado na intelig\u00eancia coletiva. A <a href=\"https:\/\/ai100.stanford.edu\/gathering-strength-gathering-storms-one-hundred-year-study-artificial-intelligence-ai100-2021-study\">edi\u00e7\u00e3o de 2021 do relat\u00f3rio AI 100, produzido pela Universidade de Stanford<\/a>, aponta a intelig\u00eancia coletiva como uma tend\u00eancia importante na pesquisa sobre a intelig\u00eancia humana.<\/p>\n\n\n\n<p>Falei sobre esse assunto na confer\u00eancia de 2020 da MEA &#8211; Media Ecology Association, que este ano aconteceu na PUC-Rio. Estive presente remotamente, pois ainda estou em Portugal pelo doutorado. Deixo aqui algumas refer\u00eancias que usei em minha apresenta\u00e7\u00e3o, para quem desejar saber mais.<\/p>\n\n\n\n<p>(imagem do post: <a href=\"https:\/\/unsplash.com\/@davidclode?utm_source=unsplash&amp;utm_medium=referral&amp;utm_content=creditCopyText\">David Clode<\/a> @ <a href=\"https:\/\/unsplash.com\/s\/photos\/brains?utm_source=unsplash&amp;utm_medium=referral&amp;utm_content=creditCopyText\">Unsplash<\/a>)   <\/p>\n\n\n\n<p>CLARK, Andy. <strong>Natural-Born Cyborgs. Minds, Technologies and the Future of Human Intelligence. <\/strong>New York: Oxford University Press, 2003.<\/p>\n\n\n\n<p>CLARK, Andy. <strong>Supersizing the Mind \u2013 Embodiment, action, and cognitive extension <\/strong>Oxford: Oxford University Press, 2011.<\/p>\n\n\n\n<p>DE JAEGHER, Hanne.; DI PAOLO, Ezequiel. Participatory Sense-making: An enactive approach to social cognition. <strong>Phenomenology and Cognitive the Sciences<\/strong>, 6, pp. 485-507, 2007.<\/p>\n\n\n\n<p>DE JAEGHER, Hanne.; DI PAOLO, Ezequiel. \ufeffMaking Sense in Participation: An Enactive Approach to Social Cognition. In: \ufeff<strong>Enacting Intersubjectivity: A Cognitive and Social Perspective on the Study of Interactions<\/strong>. F. Morganti, A. Carassa, G. Riva (Eds.) Amsterdam, IOS Press, pp. 33-47, 2008.<\/p>\n\n\n\n<p>DI PAOLO, E. A\nConcep\u00e7\u00e3o Enativa da Vida. In: BANNELL, R. I.;\nMIZRAHI, M.; FERREIRA, G. (Orgs.) <strong>(Des)educando a\neduca\u00e7\u00e3o: Mentes, Materialidades e Met\u00e1foras.<\/strong> Tradu\u00e7\u00e3o de Camila De Paoli Leporace. Rio de Janeiro: PUC-Rio, 2021.<\/p>\n","protected":false},"excerpt":{"rendered":"<p>Seria poss\u00edvel compreender a mente humana analisando cada indiv\u00edduo em separado? Ou ser\u00e1 que a mente humana surge justamente da coletividade? Ainda que cada sujeito tenha a sua contribui\u00e7\u00e3o a <a class=\"more-link\" href=\"https:\/\/camilaleporace.com.br\/index.php\/2022\/07\/07\/mentesinterconectadas\/\">Read More &#8230;<\/a><\/p>\n","protected":false},"author":1,"featured_media":0,"comment_status":"open","ping_status":"open","sticky":false,"template":"","format":"standard","meta":{"footnotes":""},"categories":[2,57,52,51,13,16,25,26],"tags":[],"class_list":["post-2290","post","type-post","status-publish","format-standard","hentry","category-artificial-intelligence","category-cyborgs","category-enactivism","category-enativismo","category-extended-mind","category-inteligencia-artificial","category-technology","category-tecnologia"],"_links":{"self":[{"href":"https:\/\/camilaleporace.com.br\/index.php\/wp-json\/wp\/v2\/posts\/2290"}],"collection":[{"href":"https:\/\/camilaleporace.com.br\/index.php\/wp-json\/wp\/v2\/posts"}],"about":[{"href":"https:\/\/camilaleporace.com.br\/index.php\/wp-json\/wp\/v2\/types\/post"}],"author":[{"embeddable":true,"href":"https:\/\/camilaleporace.com.br\/index.php\/wp-json\/wp\/v2\/users\/1"}],"replies":[{"embeddable":true,"href":"https:\/\/camilaleporace.com.br\/index.php\/wp-json\/wp\/v2\/comments?post=2290"}],"version-history":[{"count":5,"href":"https:\/\/camilaleporace.com.br\/index.php\/wp-json\/wp\/v2\/posts\/2290\/revisions"}],"predecessor-version":[{"id":2421,"href":"https:\/\/camilaleporace.com.br\/index.php\/wp-json\/wp\/v2\/posts\/2290\/revisions\/2421"}],"wp:attachment":[{"href":"https:\/\/camilaleporace.com.br\/index.php\/wp-json\/wp\/v2\/media?parent=2290"}],"wp:term":[{"taxonomy":"category","embeddable":true,"href":"https:\/\/camilaleporace.com.br\/index.php\/wp-json\/wp\/v2\/categories?post=2290"},{"taxonomy":"post_tag","embeddable":true,"href":"https:\/\/camilaleporace.com.br\/index.php\/wp-json\/wp\/v2\/tags?post=2290"}],"curies":[{"name":"wp","href":"https:\/\/api.w.org\/{rel}","templated":true}]}}