{"id":2891,"date":"2024-04-24T22:04:30","date_gmt":"2024-04-24T22:04:30","guid":{"rendered":"https:\/\/camilaleporace.com.br\/?p=2891"},"modified":"2024-04-24T22:05:00","modified_gmt":"2024-04-24T22:05:00","slug":"ainda-ha-algumas-poucas-vagas-para-o-curso-sobre-ia-que-darei-na-puc-rio-online-saiba-mais-e-se-inscreva","status":"publish","type":"post","link":"https:\/\/camilaleporace.com.br\/index.php\/2024\/04\/24\/ainda-ha-algumas-poucas-vagas-para-o-curso-sobre-ia-que-darei-na-puc-rio-online-saiba-mais-e-se-inscreva\/","title":{"rendered":"Ainda h\u00e1 algumas (poucas) vagas para o curso sobre IA que darei na PUC-Rio (online). Saiba mais e se inscreva!"},"content":{"rendered":"\n<p>Ainda restam algumas vagas para o curso de extens\u00e3o <strong>A intelig\u00eancia Artificial e a Aprendizagem Humana: Novos Desafios e Caminhos<\/strong>, que darei junto ao professor Ralph Bannell, doutor em Pensamento Social e Pol\u00edtico pela Universidade de Sussex, Inglaterra, pela PUC-Rio, e que come\u00e7a dia 8 de maio. <\/p>\n\n\n\n<figure class=\"wp-block-image size-large is-resized\"><img loading=\"lazy\" decoding=\"async\" width=\"1024\" height=\"1024\" src=\"https:\/\/camilaleporace.com.br\/wp-content\/uploads\/2024\/04\/image-1024x1024.png\" alt=\"\" class=\"wp-image-2892\" style=\"width:558px;height:auto\" srcset=\"https:\/\/camilaleporace.com.br\/wp-content\/uploads\/2024\/04\/image-1024x1024.png 1024w, https:\/\/camilaleporace.com.br\/wp-content\/uploads\/2024\/04\/image-300x300.png 300w, https:\/\/camilaleporace.com.br\/wp-content\/uploads\/2024\/04\/image-150x150.png 150w, https:\/\/camilaleporace.com.br\/wp-content\/uploads\/2024\/04\/image-768x768.png 768w, https:\/\/camilaleporace.com.br\/wp-content\/uploads\/2024\/04\/image.png 1080w\" sizes=\"(max-width: 1024px) 100vw, 1024px\" \/><\/figure>\n\n\n\n<p>Pensando em trazer uma oferta num hor\u00e1rio bom para quem trabalha em hor\u00e1rio comercial, o curso ser\u00e1 \u00e0s quartas, das 19h \u00e0s 21h, e contar\u00e1 com discuss\u00f5es sobre a intelig\u00eancia artificial, a mente e a cogni\u00e7\u00e3o humana. <\/p>\n\n\n\n<p>O legal desse enfoque \u00e9 que voc\u00ea adquire um bom conhecimento para lidar com as novidades trazidas pela intelig\u00eancia artificial n\u00e3o de uma forma ing\u00eanua, e nem acr\u00edtica, mas de uma maneira que voc\u00ea consegue assumir a lideran\u00e7a do processo. Intelig\u00eancia artificial n\u00e3o \u00e9 uma tend\u00eancia, n\u00e3o \u00e9 passageiro, n\u00e3o \u00e9 moda, e tamb\u00e9m n\u00e3o \u00e9 algo novo. <\/p>\n\n\n\n<p>Claro que h\u00e1 novidades, pois sempre h\u00e1 inova\u00e7\u00f5es surgindo na \u00e1rea, mas o campo de pesquisa da IA existe desde a d\u00e9cada de 1950. A hist\u00f3ria dele est\u00e1 entrela\u00e7ada com a hist\u00f3ria dos estudos sobre a mente humana. E \u00e9 esse fio que o curso segue, para passar por temas como a aprendizagem humana e a aprendizagem de m\u00e1quina, o corpo e as emo\u00e7\u00f5es nos processos de aprendizagem, as grandes quest\u00f5es est\u00e9ticas e \u00e9ticas envolvendo algoritmos, entre outros. Um curso muito \u00fatil e importante para professores, gestores escolares, profissionais em busca de compreender como lidar com a IA. <\/p>\n\n\n\n<p>Esperamos voc\u00eas! \u00daltimas vagas &#8211; <a href=\"https:\/\/www.cce.puc-rio.br\/sitecce\/website\/website.dll\/folder?nCurso=a-inteligencia-artificial-e-a-aprendizagem-humana:-novos-desafios-e-caminhos&amp;nInst=cce\" data-type=\"link\" data-id=\"https:\/\/www.cce.puc-rio.br\/sitecce\/website\/website.dll\/folder?nCurso=a-inteligencia-artificial-e-a-aprendizagem-humana:-novos-desafios-e-caminhos&amp;nInst=cce\">INFORMA\u00c7\u00d5ES E INSCRI\u00c7\u00d5ES AQUI<\/a><\/p>\n","protected":false},"excerpt":{"rendered":"<p>Ainda restam algumas vagas para o curso de extens\u00e3o A intelig\u00eancia Artificial e a Aprendizagem Humana: Novos Desafios e Caminhos, que darei junto ao professor Ralph Bannell, doutor em Pensamento <a class=\"more-link\" href=\"https:\/\/camilaleporace.com.br\/index.php\/2024\/04\/24\/ainda-ha-algumas-poucas-vagas-para-o-curso-sobre-ia-que-darei-na-puc-rio-online-saiba-mais-e-se-inscreva\/\">Read More &#8230;<\/a><\/p>\n","protected":false},"author":1,"featured_media":0,"comment_status":"closed","ping_status":"open","sticky":false,"template":"","format":"standard","meta":{"footnotes":""},"categories":[1],"tags":[],"class_list":["post-2891","post","type-post","status-publish","format-standard","hentry","category-uncategorized"],"_links":{"self":[{"href":"https:\/\/camilaleporace.com.br\/index.php\/wp-json\/wp\/v2\/posts\/2891"}],"collection":[{"href":"https:\/\/camilaleporace.com.br\/index.php\/wp-json\/wp\/v2\/posts"}],"about":[{"href":"https:\/\/camilaleporace.com.br\/index.php\/wp-json\/wp\/v2\/types\/post"}],"author":[{"embeddable":true,"href":"https:\/\/camilaleporace.com.br\/index.php\/wp-json\/wp\/v2\/users\/1"}],"replies":[{"embeddable":true,"href":"https:\/\/camilaleporace.com.br\/index.php\/wp-json\/wp\/v2\/comments?post=2891"}],"version-history":[{"count":2,"href":"https:\/\/camilaleporace.com.br\/index.php\/wp-json\/wp\/v2\/posts\/2891\/revisions"}],"predecessor-version":[{"id":2894,"href":"https:\/\/camilaleporace.com.br\/index.php\/wp-json\/wp\/v2\/posts\/2891\/revisions\/2894"}],"wp:attachment":[{"href":"https:\/\/camilaleporace.com.br\/index.php\/wp-json\/wp\/v2\/media?parent=2891"}],"wp:term":[{"taxonomy":"category","embeddable":true,"href":"https:\/\/camilaleporace.com.br\/index.php\/wp-json\/wp\/v2\/categories?post=2891"},{"taxonomy":"post_tag","embeddable":true,"href":"https:\/\/camilaleporace.com.br\/index.php\/wp-json\/wp\/v2\/tags?post=2891"}],"curies":[{"name":"wp","href":"https:\/\/api.w.org\/{rel}","templated":true}]}}